{"id":2346,"date":"2026-08-30T18:38:06","date_gmt":"2026-08-30T16:38:06","guid":{"rendered":"https:\/\/dalslandsgille.se\/?p=2346"},"modified":"2026-08-30T18:38:07","modified_gmt":"2026-08-30T16:38:07","slug":"sven-idar","status":"publish","type":"post","link":"https:\/\/dalslandsgille.se\/?p=2346","title":{"rendered":"SVEN IDAR"},"content":{"rendered":"\n<p class=\"wp-block-paragraph\">gick bort i juni, tv\u00e5 m\u00e5nader efter att han, synbarligen i full vig\u00f6r, underh\u00e5llit oss under v\u00e5rfesten. Vi \u00e4r tacksamma f\u00f6r att ha varit med om ett av hans sista framtr\u00e4danden, kanske det sista, rentav. Hans medverkan blev lovordad av de flesta deltagarna, och vi hade g\u00e4rna engagerat honom fler g\u00e5nger. Nu blir det inte s\u00e5.<\/p>\n\n\n\n<p class=\"wp-block-paragraph\">Vi uppskattade hans intresse f\u00f6r Dalsland, som v\u00e4xte fram n\u00e4r han komponerade och sedermera medverkade i musikalen Guldkungen, och hans mjuka, lyh\u00f6rda personlighet som kom fram s\u00e5 tydligt under v\u00e5rfesten. \/SH<\/p>\n\n\n\n<p class=\"wp-block-paragraph\"><\/p>\n","protected":false},"excerpt":{"rendered":"<p>gick bort i juni, tv\u00e5 m\u00e5nader efter att han, synbarligen i full vig\u00f6r, underh\u00e5llit oss under v\u00e5rfesten. Vi \u00e4r tacksamma f\u00f6r att ha varit med om ett av hans sista &hellip; <\/p>\n<p class=\"link-more\"><a href=\"https:\/\/dalslandsgille.se\/?p=2346\" class=\"more-link\">Forts\u00e4tt l\u00e4sa<span class=\"screen-reader-text\"> \u201dSVEN IDAR\u201d<\/span><\/a><\/p>\n","protected":false},"author":1,"featured_media":0,"comment_status":"closed","ping_status":"closed","sticky":false,"template":"","format":"standard","meta":{"_jetpack_newsletter_access":"","_jetpack_dont_email_post_to_subs":false,"_jetpack_newsletter_tier_id":0,"_jetpack_memberships_contains_paywalled_content":false,"_jetpack_feature_clip_id":0,"_jetpack_memberships_contains_paid_content":false,"footnotes":"","jetpack_publicize_message":"","jetpack_publicize_feature_enabled":true,"jetpack_social_post_already_shared":true,"jetpack_social_options":{"image_generator_settings":{"template":"highway","default_image_id":0,"font":"","enabled":false},"version":2},"jetpack_post_was_ever_published":false},"categories":[1],"tags":[],"class_list":["post-2346","post","type-post","status-publish","format-standard","hentry","category-uncategorized"],"yoast_head":"<!-- This site is optimized with the Yoast SEO plugin v28.3 - https:\/\/yoast.com\/product\/yoast-seo-wordpress\/ -->\n<title>SVEN IDAR - Dalslands gille<\/title>\n<meta name=\"robots\" content=\"index, follow, max-snippet:-1, max-image-preview:large, max-video-preview:-1\" \/>\n<link rel=\"canonical\" href=\"https:\/\/dalslandsgille.se\/?p=2346\" \/>\n<meta property=\"og:locale\" content=\"sv_SE\" \/>\n<meta property=\"og:type\" content=\"article\" \/>\n<meta property=\"og:title\" content=\"SVEN IDAR - Dalslands gille\" \/>\n<meta property=\"og:description\" content=\"gick bort i juni, tv\u00e5 m\u00e5nader efter att han, synbarligen i full vig\u00f6r, underh\u00e5llit oss under v\u00e5rfesten. Vi \u00e4r tacksamma f\u00f6r att ha varit med om ett av hans sista &hellip; Forts\u00e4tt l\u00e4sa \u201dSVEN IDAR\u201d\" \/>\n<meta property=\"og:url\" content=\"https:\/\/dalslandsgille.se\/?p=2346\" \/>\n<meta property=\"og:site_name\" content=\"Dalslands gille\" \/>\n<meta property=\"article:publisher\" content=\"https:\/\/www.facebook.com\/dalslandsgille\" \/>\n<meta property=\"article:published_time\" content=\"2026-08-30T16:38:06+00:00\" \/>\n<meta property=\"article:modified_time\" content=\"2026-08-30T16:38:07+00:00\" \/>\n<meta name=\"author\" content=\"admin\" \/>\n<meta name=\"twitter:card\" content=\"summary_large_image\" \/>\n<meta name=\"twitter:label1\" content=\"Skriven av\" \/>\n\t<meta name=\"twitter:data1\" content=\"admin\" \/>\n\t<meta name=\"twitter:label2\" content=\"Ber\u00e4knad l\u00e4stid\" \/>\n\t<meta name=\"twitter:data2\" content=\"1 minut\" \/>\n<script type=\"application\/ld+json\" class=\"yoast-schema-graph\">{\"@context\":\"https:\\\/\\\/schema.org\",\"@graph\":[{\"@type\":\"Article\",\"@id\":\"https:\\\/\\\/dalslandsgille.se\\\/?p=2346#article\",\"isPartOf\":{\"@id\":\"https:\\\/\\\/dalslandsgille.se\\\/?p=2346\"},\"author\":{\"name\":\"admin\",\"@id\":\"https:\\\/\\\/dalslandsgille.se\\\/#\\\/schema\\\/person\\\/2548391dfbe510c76f3266c182e8ac66\"},\"headline\":\"SVEN IDAR\",\"datePublished\":\"2026-08-30T16:38:06+00:00\",\"dateModified\":\"2026-08-30T16:38:07+00:00\",\"mainEntityOfPage\":{\"@id\":\"https:\\\/\\\/dalslandsgille.se\\\/?p=2346\"},\"wordCount\":102,\"publisher\":{\"@id\":\"https:\\\/\\\/dalslandsgille.se\\\/#organization\"},\"articleSection\":[\"Okategoriserad\"],\"inLanguage\":\"sv-SE\"},{\"@type\":\"WebPage\",\"@id\":\"https:\\\/\\\/dalslandsgille.se\\\/?p=2346\",\"url\":\"https:\\\/\\\/dalslandsgille.se\\\/?p=2346\",\"name\":\"SVEN IDAR - Dalslands gille\",\"isPartOf\":{\"@id\":\"https:\\\/\\\/dalslandsgille.se\\\/#website\"},\"datePublished\":\"2026-08-30T16:38:06+00:00\",\"dateModified\":\"2026-08-30T16:38:07+00:00\",\"breadcrumb\":{\"@id\":\"https:\\\/\\\/dalslandsgille.se\\\/?p=2346#breadcrumb\"},\"inLanguage\":\"sv-SE\",\"potentialAction\":[{\"@type\":\"ReadAction\",\"target\":[\"https:\\\/\\\/dalslandsgille.se\\\/?p=2346\"]}]},{\"@type\":\"BreadcrumbList\",\"@id\":\"https:\\\/\\\/dalslandsgille.se\\\/?p=2346#breadcrumb\",\"itemListElement\":[{\"@type\":\"ListItem\",\"position\":1,\"name\":\"Hem\",\"item\":\"https:\\\/\\\/dalslandsgille.se\\\/\"},{\"@type\":\"ListItem\",\"position\":2,\"name\":\"SVEN IDAR\"}]},{\"@type\":\"WebSite\",\"@id\":\"https:\\\/\\\/dalslandsgille.se\\\/#website\",\"url\":\"https:\\\/\\\/dalslandsgille.se\\\/\",\"name\":\"Dalslands gille\",\"description\":\"Dalslands Gille i Stockholm v\u00e4nder sig till alla dalsl\u00e4nningar i Stockholm med omnejd samt till gamla som unga som \u00e4r intresserade av Dalsland\",\"publisher\":{\"@id\":\"https:\\\/\\\/dalslandsgille.se\\\/#organization\"},\"potentialAction\":[{\"@type\":\"SearchAction\",\"target\":{\"@type\":\"EntryPoint\",\"urlTemplate\":\"https:\\\/\\\/dalslandsgille.se\\\/?s={search_term_string}\"},\"query-input\":{\"@type\":\"PropertyValueSpecification\",\"valueRequired\":true,\"valueName\":\"search_term_string\"}}],\"inLanguage\":\"sv-SE\"},{\"@type\":\"Organization\",\"@id\":\"https:\\\/\\\/dalslandsgille.se\\\/#organization\",\"name\":\"Dalslands Gille\",\"url\":\"https:\\\/\\\/dalslandsgille.se\\\/\",\"logo\":{\"@type\":\"ImageObject\",\"inLanguage\":\"sv-SE\",\"@id\":\"https:\\\/\\\/dalslandsgille.se\\\/#\\\/schema\\\/logo\\\/image\\\/\",\"url\":\"https:\\\/\\\/i2.wp.com\\\/dalslandsgille.se\\\/wordpress\\\/wp-content\\\/uploads\\\/2018\\\/10\\\/DG_Logga-2018.jpg?fit=2728%2C952&ssl=1\",\"contentUrl\":\"https:\\\/\\\/i2.wp.com\\\/dalslandsgille.se\\\/wordpress\\\/wp-content\\\/uploads\\\/2018\\\/10\\\/DG_Logga-2018.jpg?fit=2728%2C952&ssl=1\",\"width\":2728,\"height\":952,\"caption\":\"Dalslands Gille\"},\"image\":{\"@id\":\"https:\\\/\\\/dalslandsgille.se\\\/#\\\/schema\\\/logo\\\/image\\\/\"},\"sameAs\":[\"https:\\\/\\\/www.facebook.com\\\/dalslandsgille\"]},{\"@type\":\"Person\",\"@id\":\"https:\\\/\\\/dalslandsgille.se\\\/#\\\/schema\\\/person\\\/2548391dfbe510c76f3266c182e8ac66\",\"name\":\"admin\",\"image\":{\"@type\":\"ImageObject\",\"inLanguage\":\"sv-SE\",\"@id\":\"https:\\\/\\\/secure.gravatar.com\\\/avatar\\\/1c9ad574dc2653e241405daf545b14167ef14397bfc0de7daf1d833ae273a531?s=96&d=mm&r=g\",\"url\":\"https:\\\/\\\/secure.gravatar.com\\\/avatar\\\/1c9ad574dc2653e241405daf545b14167ef14397bfc0de7daf1d833ae273a531?s=96&d=mm&r=g\",\"contentUrl\":\"https:\\\/\\\/secure.gravatar.com\\\/avatar\\\/1c9ad574dc2653e241405daf545b14167ef14397bfc0de7daf1d833ae273a531?s=96&d=mm&r=g\",\"caption\":\"admin\"},\"url\":\"https:\\\/\\\/dalslandsgille.se\\\/?author=1\"}]}<\/script>\n<!-- \/ Yoast SEO plugin. -->","yoast_head_json":{"title":"SVEN IDAR - Dalslands gille","robots":{"index":"index","follow":"follow","max-snippet":"max-snippet:-1","max-image-preview":"max-image-preview:large","max-video-preview":"max-video-preview:-1"},"canonical":"https:\/\/dalslandsgille.se\/?p=2346","og_locale":"sv_SE","og_type":"article","og_title":"SVEN IDAR - Dalslands gille","og_description":"gick bort i juni, tv\u00e5 m\u00e5nader efter att han, synbarligen i full vig\u00f6r, underh\u00e5llit oss under v\u00e5rfesten. Vi \u00e4r tacksamma f\u00f6r att ha varit med om ett av hans sista &hellip; Forts\u00e4tt l\u00e4sa \u201dSVEN IDAR\u201d","og_url":"https:\/\/dalslandsgille.se\/?p=2346","og_site_name":"Dalslands gille","article_publisher":"https:\/\/www.facebook.com\/dalslandsgille","article_published_time":"2026-08-30T16:38:06+00:00","article_modified_time":"2026-08-30T16:38:07+00:00","author":"admin","twitter_card":"summary_large_image","twitter_misc":{"Skriven av":"admin","Ber\u00e4knad l\u00e4stid":"1 minut"},"schema":{"@context":"https:\/\/schema.org","@graph":[{"@type":"Article","@id":"https:\/\/dalslandsgille.se\/?p=2346#article","isPartOf":{"@id":"https:\/\/dalslandsgille.se\/?p=2346"},"author":{"name":"admin","@id":"https:\/\/dalslandsgille.se\/#\/schema\/person\/2548391dfbe510c76f3266c182e8ac66"},"headline":"SVEN IDAR","datePublished":"2026-08-30T16:38:06+00:00","dateModified":"2026-08-30T16:38:07+00:00","mainEntityOfPage":{"@id":"https:\/\/dalslandsgille.se\/?p=2346"},"wordCount":102,"publisher":{"@id":"https:\/\/dalslandsgille.se\/#organization"},"articleSection":["Okategoriserad"],"inLanguage":"sv-SE"},{"@type":"WebPage","@id":"https:\/\/dalslandsgille.se\/?p=2346","url":"https:\/\/dalslandsgille.se\/?p=2346","name":"SVEN IDAR - Dalslands gille","isPartOf":{"@id":"https:\/\/dalslandsgille.se\/#website"},"datePublished":"2026-08-30T16:38:06+00:00","dateModified":"2026-08-30T16:38:07+00:00","breadcrumb":{"@id":"https:\/\/dalslandsgille.se\/?p=2346#breadcrumb"},"inLanguage":"sv-SE","potentialAction":[{"@type":"ReadAction","target":["https:\/\/dalslandsgille.se\/?p=2346"]}]},{"@type":"BreadcrumbList","@id":"https:\/\/dalslandsgille.se\/?p=2346#breadcrumb","itemListElement":[{"@type":"ListItem","position":1,"name":"Hem","item":"https:\/\/dalslandsgille.se\/"},{"@type":"ListItem","position":2,"name":"SVEN IDAR"}]},{"@type":"WebSite","@id":"https:\/\/dalslandsgille.se\/#website","url":"https:\/\/dalslandsgille.se\/","name":"Dalslands gille","description":"Dalslands Gille i Stockholm v\u00e4nder sig till alla dalsl\u00e4nningar i Stockholm med omnejd samt till gamla som unga som \u00e4r intresserade av Dalsland","publisher":{"@id":"https:\/\/dalslandsgille.se\/#organization"},"potentialAction":[{"@type":"SearchAction","target":{"@type":"EntryPoint","urlTemplate":"https:\/\/dalslandsgille.se\/?s={search_term_string}"},"query-input":{"@type":"PropertyValueSpecification","valueRequired":true,"valueName":"search_term_string"}}],"inLanguage":"sv-SE"},{"@type":"Organization","@id":"https:\/\/dalslandsgille.se\/#organization","name":"Dalslands Gille","url":"https:\/\/dalslandsgille.se\/","logo":{"@type":"ImageObject","inLanguage":"sv-SE","@id":"https:\/\/dalslandsgille.se\/#\/schema\/logo\/image\/","url":"https:\/\/i2.wp.com\/dalslandsgille.se\/wordpress\/wp-content\/uploads\/2018\/10\/DG_Logga-2018.jpg?fit=2728%2C952&ssl=1","contentUrl":"https:\/\/i2.wp.com\/dalslandsgille.se\/wordpress\/wp-content\/uploads\/2018\/10\/DG_Logga-2018.jpg?fit=2728%2C952&ssl=1","width":2728,"height":952,"caption":"Dalslands Gille"},"image":{"@id":"https:\/\/dalslandsgille.se\/#\/schema\/logo\/image\/"},"sameAs":["https:\/\/www.facebook.com\/dalslandsgille"]},{"@type":"Person","@id":"https:\/\/dalslandsgille.se\/#\/schema\/person\/2548391dfbe510c76f3266c182e8ac66","name":"admin","image":{"@type":"ImageObject","inLanguage":"sv-SE","@id":"https:\/\/secure.gravatar.com\/avatar\/1c9ad574dc2653e241405daf545b14167ef14397bfc0de7daf1d833ae273a531?s=96&d=mm&r=g","url":"https:\/\/secure.gravatar.com\/avatar\/1c9ad574dc2653e241405daf545b14167ef14397bfc0de7daf1d833ae273a531?s=96&d=mm&r=g","contentUrl":"https:\/\/secure.gravatar.com\/avatar\/1c9ad574dc2653e241405daf545b14167ef14397bfc0de7daf1d833ae273a531?s=96&d=mm&r=g","caption":"admin"},"url":"https:\/\/dalslandsgille.se\/?author=1"}]}},"jetpack_publicize_connections":[],"jetpack_sharing_enabled":true,"jetpack_shortlink":"https:\/\/wp.me\/paob32-BQ","jetpack-related-posts":[{"id":1906,"url":"https:\/\/dalslandsgille.se\/?p=1906","url_meta":{"origin":2346,"position":0},"title":"G\u00f6te har l\u00e4mnat oss","author":"admin","date":"2024-03-05","format":false,"excerpt":"G\u00f6te Wilhelmsson avled p\u00e5 sin nittiofem\u00e5rsdag 10 januari. Han var en profil i musikbranschen och inte minst i Gillet. Fr\u00e5n debuten i radioprogrammet Barnens Brevl\u00e5da fram till sina sista dagar tj\u00e4nade han Terpsichore, musikens musa, som ut\u00f6vande musiker och som framg\u00e5ngsrik producent. F\u00f6r artister som Monica Zetterlund och Sven-Ingvars var\u2026","rel":"","context":"I \u201dF\u00f6reningen\u201d","block_context":{"text":"F\u00f6reningen","link":"https:\/\/dalslandsgille.se\/?cat=5"},"img":{"alt_text":"","src":"https:\/\/i0.wp.com\/dalslandsgille.se\/wordpress\/wp-content\/uploads\/2024\/03\/GoteW-e1709752468799.jpg?resize=350%2C200&ssl=1","width":350,"height":200},"classes":[]},{"id":2290,"url":"https:\/\/dalslandsgille.se\/?p=2290","url_meta":{"origin":2346,"position":1},"title":"V\u00c5RFESTEN 24 APRIL","author":"admin","date":"2026-05-19","format":false,"excerpt":"33 Dalslandsv\u00e4nner samlades i Ljungl\u00f6fska slottet i Bromma f\u00f6r \u00e5rsm\u00f6te och v\u00e5rfest. V\u00e5rv\u00e4rmen var ingalunda p\u00e5tr\u00e4ngande denna afton, men en del av mingeltiden kunde med behag tillbringas p\u00e5 altanen, vilket uppskattades av m\u00e5nga. N\u00e5gra av fotona ger syn f\u00f6r s\u00e4gen. I sedvanlig ordning skickas protokoll \u00f6ver \u00e5rsm\u00f6tesf\u00f6rhandlingarna ut separat. I\u2026","rel":"","context":"I \u201dFest\u201d","block_context":{"text":"Fest","link":"https:\/\/dalslandsgille.se\/?cat=3"},"img":{"alt_text":"","src":"https:\/\/i0.wp.com\/dalslandsgille.se\/wordpress\/wp-content\/uploads\/2026\/05\/IMG_5492.jpg?resize=350%2C200","width":350,"height":200,"srcset":"https:\/\/i0.wp.com\/dalslandsgille.se\/wordpress\/wp-content\/uploads\/2026\/05\/IMG_5492.jpg?resize=350%2C200 1x, https:\/\/i0.wp.com\/dalslandsgille.se\/wordpress\/wp-content\/uploads\/2026\/05\/IMG_5492.jpg?resize=525%2C300 1.5x, https:\/\/i0.wp.com\/dalslandsgille.se\/wordpress\/wp-content\/uploads\/2026\/05\/IMG_5492.jpg?resize=700%2C400 2x, https:\/\/i0.wp.com\/dalslandsgille.se\/wordpress\/wp-content\/uploads\/2026\/05\/IMG_5492.jpg?resize=1050%2C600 3x, https:\/\/i0.wp.com\/dalslandsgille.se\/wordpress\/wp-content\/uploads\/2026\/05\/IMG_5492.jpg?resize=1400%2C800 4x"},"classes":[]},{"id":1930,"url":"https:\/\/dalslandsgille.se\/?p=1930","url_meta":{"origin":2346,"position":2},"title":"V\u00e5rfesten 2024","author":"admin","date":"2024-04-22","format":false,"excerpt":"Fest blev det, men inte mycket till v\u00e5r. Parken runt Ljungl\u00f6fska slottet hade b\u00f6rjat gr\u00f6nska men kyla och vind gjorde att den liksom utsikten \u00f6ver M\u00e4laren mot Drottningholm b\u00e4st beundrades inifr\u00e5n. Och inne i slottet var det l\u00e4tt att trivas. Vi var 27 medlemmar som f\u00f6rst genomf\u00f6rde \u00e5rsm\u00f6te (protokoll s\u00e4nds\u2026","rel":"","context":"I \u201dFest\u201d","block_context":{"text":"Fest","link":"https:\/\/dalslandsgille.se\/?cat=3"},"img":{"alt_text":"","src":"https:\/\/i0.wp.com\/dalslandsgille.se\/wordpress\/wp-content\/uploads\/2024\/04\/IMG_1342.jpg?resize=350%2C200","width":350,"height":200,"srcset":"https:\/\/i0.wp.com\/dalslandsgille.se\/wordpress\/wp-content\/uploads\/2024\/04\/IMG_1342.jpg?resize=350%2C200 1x, https:\/\/i0.wp.com\/dalslandsgille.se\/wordpress\/wp-content\/uploads\/2024\/04\/IMG_1342.jpg?resize=525%2C300 1.5x, https:\/\/i0.wp.com\/dalslandsgille.se\/wordpress\/wp-content\/uploads\/2024\/04\/IMG_1342.jpg?resize=700%2C400 2x, https:\/\/i0.wp.com\/dalslandsgille.se\/wordpress\/wp-content\/uploads\/2024\/04\/IMG_1342.jpg?resize=1050%2C600 3x, https:\/\/i0.wp.com\/dalslandsgille.se\/wordpress\/wp-content\/uploads\/2024\/04\/IMG_1342.jpg?resize=1400%2C800 4x"},"classes":[]},{"id":2263,"url":"https:\/\/dalslandsgille.se\/?p=2263","url_meta":{"origin":2346,"position":3},"title":"Medlemstr\u00e4ffen med Rune W. Dahl\u00e9n \u00e4r 13 april","author":"admin","date":"2026-04-01","format":false,"excerpt":"s\u00e4ger HEJ IGEN och F\u00d6RL\u00c5T! N\u00e5gonstans i processen har det blivit en missuppfattning. Styrelsen beklagar och blygs.Tr\u00e4ffen men Rune W. Dahl\u00e9n \u00e4r den 13 april, precis som framg\u00e5tt av tidigare uts\u00e4ntprogram. Vi beklagar denna fad\u00e4s och f\u00f6rs\u00f6ker f\u00f6rst\u00e5 vad som intr\u00e4ffat. Vi ber er som redan anm\u00e4lt er enligt inbjudan\u2026","rel":"","context":"I \u201dF\u00f6rel\u00e4sning\u201d","block_context":{"text":"F\u00f6rel\u00e4sning","link":"https:\/\/dalslandsgille.se\/?cat=4"},"img":{"alt_text":"","src":"https:\/\/i0.wp.com\/dalslandsgille.se\/wordpress\/wp-content\/uploads\/2026\/04\/DG_logo_text.png?resize=350%2C200&ssl=1","width":350,"height":200},"classes":[]},{"id":1882,"url":"https:\/\/dalslandsgille.se\/?p=1882","url_meta":{"origin":2346,"position":4},"title":"STILFULL HISTORIA","author":"admin","date":"2024-02-18","format":false,"excerpt":"fick vi ta del av under bes\u00f6ket p\u00e5 Slottet p\u00e5 Alla Hj\u00e4rtans Dag 14 februari. Vi blev efter ett par sena \u00e5terbud 22 medlemmar och medbjudna Dalslandsv\u00e4nner som fick ett par timmar laddade med intryck. Det f\u00f6rsta var v\u00e4ntat: En rigor\u00f6s s\u00e4kerhetskontroll i entr\u00e9n som alla f\u00f6rstod vikten av. De\u2026","rel":"","context":"I \u201dStudiebes\u00f6k\u201d","block_context":{"text":"Studiebes\u00f6k","link":"https:\/\/dalslandsgille.se\/?cat=9"},"img":{"alt_text":"","src":"https:\/\/i0.wp.com\/dalslandsgille.se\/wordpress\/wp-content\/uploads\/2024\/02\/IMG_4140.jpg?fit=1200%2C900&ssl=1&resize=350%2C200","width":350,"height":200,"srcset":"https:\/\/i0.wp.com\/dalslandsgille.se\/wordpress\/wp-content\/uploads\/2024\/02\/IMG_4140.jpg?fit=1200%2C900&ssl=1&resize=350%2C200 1x, https:\/\/i0.wp.com\/dalslandsgille.se\/wordpress\/wp-content\/uploads\/2024\/02\/IMG_4140.jpg?fit=1200%2C900&ssl=1&resize=525%2C300 1.5x, https:\/\/i0.wp.com\/dalslandsgille.se\/wordpress\/wp-content\/uploads\/2024\/02\/IMG_4140.jpg?fit=1200%2C900&ssl=1&resize=700%2C400 2x, https:\/\/i0.wp.com\/dalslandsgille.se\/wordpress\/wp-content\/uploads\/2024\/02\/IMG_4140.jpg?fit=1200%2C900&ssl=1&resize=1050%2C600 3x"},"classes":[]},{"id":176,"url":"https:\/\/dalslandsgille.se\/?p=176","url_meta":{"origin":2346,"position":5},"title":"\u00c5rsm\u00f6te och V\u00e5rfest den 21 mars 2014","author":"admin","date":"2014-03-25","format":false,"excerpt":"\u00c5rsm\u00f6tet h\u00f6lls i Druidborgens lokaler, Bondegatan p\u00e5 S\u00f6der. Ca 40 deltagare. Efter avslutade \u00e5rsm\u00f6tesf\u00f6rhandlingar var det dags f\u00f6r V\u00e5rfesten, som startade med drink och mingel. D\u00e4refter intogs en delikat sup\u00e9 och m\u00e5nga nostalgiska samtal f\u00f6rdes. F\u00f6rsta programpunkten var ett bes\u00f6k fr\u00e5n \u00c5m\u00e5l. Herman Pettersson, projektledare, informerade om ett nytt bostadsomr\u00e5de\u2026","rel":"","context":"I \u201dFest\u201d","block_context":{"text":"Fest","link":"https:\/\/dalslandsgille.se\/?cat=3"},"img":{"alt_text":"","src":"","width":0,"height":0},"classes":[]}],"jetpack_likes_enabled":false,"jetpack_featured_media_url":"","_links":{"self":[{"href":"https:\/\/dalslandsgille.se\/index.php?rest_route=\/wp\/v2\/posts\/2346","targetHints":{"allow":["GET"]}}],"collection":[{"href":"https:\/\/dalslandsgille.se\/index.php?rest_route=\/wp\/v2\/posts"}],"about":[{"href":"https:\/\/dalslandsgille.se\/index.php?rest_route=\/wp\/v2\/types\/post"}],"author":[{"embeddable":true,"href":"https:\/\/dalslandsgille.se\/index.php?rest_route=\/wp\/v2\/users\/1"}],"replies":[{"embeddable":true,"href":"https:\/\/dalslandsgille.se\/index.php?rest_route=%2Fwp%2Fv2%2Fcomments&post=2346"}],"version-history":[{"count":1,"href":"https:\/\/dalslandsgille.se\/index.php?rest_route=\/wp\/v2\/posts\/2346\/revisions"}],"predecessor-version":[{"id":2347,"href":"https:\/\/dalslandsgille.se\/index.php?rest_route=\/wp\/v2\/posts\/2346\/revisions\/2347"}],"wp:attachment":[{"href":"https:\/\/dalslandsgille.se\/index.php?rest_route=%2Fwp%2Fv2%2Fmedia&parent=2346"}],"wp:term":[{"taxonomy":"category","embeddable":true,"href":"https:\/\/dalslandsgille.se\/index.php?rest_route=%2Fwp%2Fv2%2Fcategories&post=2346"},{"taxonomy":"post_tag","embeddable":true,"href":"https:\/\/dalslandsgille.se\/index.php?rest_route=%2Fwp%2Fv2%2Ftags&post=2346"}],"curies":[{"name":"wp","href":"https:\/\/api.w.org\/{rel}","templated":true}]}}